{"id":2941,"date":"2018-11-26T12:29:25","date_gmt":"2018-11-26T11:29:25","guid":{"rendered":"https:\/\/all4groups.com\/?p=2941"},"modified":"2018-11-26T12:29:25","modified_gmt":"2018-11-26T11:29:25","slug":"expo-review-mutec-leipzig-2018","status":"publish","type":"post","link":"https:\/\/www.all4groups.com\/en\/uncategorized\/expo-review-mutec-leipzig-2018\/","title":{"rendered":"Expo-Review: MUTEC Leipzig 2018"},"content":{"rendered":"<p><strong><em>MUTEC \u2013  International Trade Fair for Museum and Exhibition Technology<\/em><\/strong><\/p>\n<p><a href=\"https:\/\/www.mutec.de\/de\/\"><img loading=\"lazy\" decoding=\"async\" class=\"alignleft wp-image-2923 size-full\" src=\"https:\/\/all4groups.com\/wp-content\/uploads\/468x60_MTC_eng_final.gif\" alt=\"\" width=\"468\" height=\"60\" \/><\/a><\/p>\n<p>&nbsp;<\/p>\n<p>&nbsp;<\/p>\n<p>105 exhibitors from 10 countries and a record attendance of 14,200 visitors &#8211; that is the result of MUTEC 2018, the international trade fair for museum and exhibition technology. The MUTEC took place from 8th to 11th November 2018 in Leipzig, Germany and eceived enormous popularity from visitors and experts from Germany and abroad.<\/p>\n<p>The trade fair is considered to be the leading European trade fair, a technical hub and an important continuing education and training platform for the industry &#8211; this year under the very spotlight of the European Year of Cultural Heritage 2018.<\/p>\n<p>More than 200 events on the agenda, top-class conferences and panel discussions and an international trade audience make the fair, which takes place every two years, the ideal place for Groupy!<\/p>\n<p><img loading=\"lazy\" decoding=\"async\" class=\"aligncenter wp-image-2912\" src=\"https:\/\/all4groups.com\/wp-content\/uploads\/20181109_110547_klein-1024x768.jpg\" alt=\"\" width=\"716\" height=\"537\" srcset=\"https:\/\/www.all4groups.com\/wp-content\/uploads\/20181109_110547_klein-1024x768.jpg 1024w, https:\/\/www.all4groups.com\/wp-content\/uploads\/20181109_110547_klein-300x225.jpg 300w, https:\/\/www.all4groups.com\/wp-content\/uploads\/20181109_110547_klein-768x576.jpg 768w, https:\/\/www.all4groups.com\/wp-content\/uploads\/20181109_110547_klein-510x382.jpg 510w, https:\/\/www.all4groups.com\/wp-content\/uploads\/20181109_110547_klein-1080x810.jpg 1080w, https:\/\/www.all4groups.com\/wp-content\/uploads\/20181109_110547_klein.jpg 1613w\" sizes=\"(max-width: 716px) 100vw, 716px\" \/><\/p>\n<p>&nbsp;<\/p>\n<p>All4Groups participated in the MUTEC for the first time as &#8222;first-try&#8220; exhibitor and presented the Groupy product family to the numerous interested visitors. Above all, <a href=\"https:\/\/www.all4groups.com\/en\/groupymuseum\/?lang=en\">GroupyMuseum<\/a> was able to inspire &#8211; in particular the dual function and the modular, flexible application structure, which allows for a tailor-made package, provided a lot of conversation! At the MUTEC we were able to make numerous new contacts with operators of cultural institutions and also had exciting discussions in connection with the establishment of an international distribution network.<\/p>\n<hr \/>\n<p><a href=\"\/en\/groupymuseum\/?lang=en\" target=\"_blank\" rel=\"noopener\"><img loading=\"lazy\" decoding=\"async\" class=\"alignleft wp-image-1802 size-medium\" src=\"https:\/\/all4groups.com\/wp-content\/uploads\/Image-Logo-ProduktMuseum-300x101.png\" alt=\"\" width=\"300\" height=\"101\" srcset=\"https:\/\/www.all4groups.com\/wp-content\/uploads\/Image-Logo-ProduktMuseum-300x101.png 300w, https:\/\/www.all4groups.com\/wp-content\/uploads\/Image-Logo-ProduktMuseum-768x259.png 768w, https:\/\/www.all4groups.com\/wp-content\/uploads\/Image-Logo-ProduktMuseum-1024x345.png 1024w, https:\/\/www.all4groups.com\/wp-content\/uploads\/Image-Logo-ProduktMuseum-1080x364.png 1080w, https:\/\/www.all4groups.com\/wp-content\/uploads\/Image-Logo-ProduktMuseum.png 1334w\" sizes=\"(max-width: 300px) 100vw, 300px\" \/><\/a><\/p>\n<a href='https:\/\/www.all4groups.com\/en\/groupymuseum\/?lang=en' class='big-button bigred' target=\"_blank\">Mehr Infos zu GroupyMuseum<\/a>\n<p>&nbsp;<\/p>\n<hr \/>\n<p>We look forward to the further development in the museum segment and already to the MUTEC2020!<\/p>\n<p>&nbsp;<\/p>\n<p><span style=\"font-size: 8pt;\"><em>Fotocredit: <i class=\"fa fa-copyright\" ><\/i>   All4Groups Systems GmbH, Messe Leipzig GmbH<\/em><\/span><\/p>","protected":false},"excerpt":{"rendered":"<p>MUTEC \u2013 International Trade Fair for Museum and Exhibition Technology &nbsp; &nbsp; 105 exhibitors from 10 countries and a record attendance of 14,200 visitors &#8211; that is the result of MUTEC 2018, the international trade fair for museum and exhibition technology. The MUTEC took place from 8th to 11th November 2018 in Leipzig, Germany and [&hellip;]<\/p>","protected":false},"author":6521,"featured_media":2917,"comment_status":"open","ping_status":"open","sticky":false,"template":"","format":"standard","meta":{"_et_pb_use_builder":"off","_et_pb_old_content":"<strong><em>MUTEC \u2013 Die internationale Fachmesse f\u00fcr Museums- und Ausstellungstechnik<\/em><\/strong>\r\n\r\n<a href=\"https:\/\/www.mutec.de\/de\/\"><img class=\"alignleft wp-image-2923 size-full\" src=\"https:\/\/all4groups.com\/wp-content\/uploads\/468x60_MTC_eng_final.gif\" alt=\"\" width=\"468\" height=\"60\" \/><\/a>\r\n\r\n \r\n\r\n \r\n\r\n105 Aussteller aus 10 L\u00e4ndern und eine Rekordbeteiligung von 14.200 Besuchern \u2013 das war die MUTEC 2018, die internationale Fachmesse f\u00fcr Museum- und Ausstellungstechnik.\r\n\r\nVom <strong>08. bis 11. November 2018<\/strong> fand sie zum f\u00fcnften Mal in Leipzig statt und erntete enormen Zuspruch von Besuchern und Experten aus dem In- und Ausland. Die Messe gilt als europ\u00e4ische Leitmesse, fachlicher Dreh- und Angelpunkt und bedeutende Fort- und Weiterbildungsplattform der Branche \u2013 in diesem Jahr ganz unter dem Fokus des Europ\u00e4ischen Kulturerbejahrs 2018.\r\n\r\nMehr als 200 Veranstaltungen im Fachprogramm, hochkar\u00e4tige Konferenzen und Podiumsdiskussionen und internationales Fachpublikum machen die Messe, die im 2-Jahres-Rhythmus stattfindet, auch zum idealen Platz f\u00fcr Groupy!\r\n\r\n<img class=\"aligncenter wp-image-2912\" src=\"https:\/\/all4groups.com\/wp-content\/uploads\/20181109_110547_klein-1024x768.jpg\" alt=\"\" width=\"716\" height=\"537\" \/>\r\n\r\n \r\n\r\nAll4Groups nahm als \u201eFirst-Try\u201c-Aussteller zum ersten Mal an der MUTEC teil und pr\u00e4sentierte die Groupy Produktfamilie den zahlreichen Interessenten. Allen voran konnte <a href=\"http:\/\/www.groupymuseum.com\">GroupyMuseum<\/a> begeistern \u2013 besonders die duale Einsatzm\u00f6glichkeit und der modulare, flexible Aufbau, der ein individuell zugeschnittenes Paket erm\u00f6glicht, sorgte f\u00fcr viel Gespr\u00e4chsstoff! Wir konnten auf der MUTEC zahlreiche neue Kontakte zu Betreibern von Kultureinrichtungen kn\u00fcpfen und auch spannende Gespr\u00e4che im Zusammenhang mit dem Aufbau eines internationalen Vertriebsnetzwerkes f\u00fchren.\r\n\r\n<hr \/>\r\n<p style=\"text-align: center;\"><a href=\"\/groupymuseum\" target=\"_blank\" rel=\"noopener\"><img class=\"alignleft wp-image-1802 size-medium\" src=\"https:\/\/all4groups.com\/wp-content\/uploads\/Image-Logo-ProduktMuseum-300x101.png\" alt=\"\" width=\"300\" height=\"101\" \/><\/a><\/p>\r\n<p style=\"text-align: center;\">[button link=\"www.groupymuseum.com\" type=\"big\" color=\"red\" newwindow=\"yes\"] Mehr Infos zu GroupyMuseum[\/button]<\/p>\r\n\r\n\r\n<hr \/>\r\n\r\nWir freuen uns auf die weitere Entwicklung im musealen Segment und bereits jetzt auf die MUTEC2020!\r\n\r\n \r\n\r\n<span style=\"font-size: 8pt;\"><em>Fotocredit: [icon name=\"copyright\" class=\"\" unprefixed_class=\"\"]   All4Groups Systems GmbH, Messe Leipzig GmbH<\/em><\/span>","_et_gb_content_width":"","footnotes":""},"categories":[49],"tags":[],"_links":{"self":[{"href":"https:\/\/www.all4groups.com\/en\/wp-json\/wp\/v2\/posts\/2941"}],"collection":[{"href":"https:\/\/www.all4groups.com\/en\/wp-json\/wp\/v2\/posts"}],"about":[{"href":"https:\/\/www.all4groups.com\/en\/wp-json\/wp\/v2\/types\/post"}],"author":[{"embeddable":true,"href":"https:\/\/www.all4groups.com\/en\/wp-json\/wp\/v2\/users\/6521"}],"replies":[{"embeddable":true,"href":"https:\/\/www.all4groups.com\/en\/wp-json\/wp\/v2\/comments?post=2941"}],"version-history":[{"count":4,"href":"https:\/\/www.all4groups.com\/en\/wp-json\/wp\/v2\/posts\/2941\/revisions"}],"predecessor-version":[{"id":2945,"href":"https:\/\/www.all4groups.com\/en\/wp-json\/wp\/v2\/posts\/2941\/revisions\/2945"}],"wp:featuredmedia":[{"embeddable":true,"href":"https:\/\/www.all4groups.com\/en\/wp-json\/wp\/v2\/media\/2917"}],"wp:attachment":[{"href":"https:\/\/www.all4groups.com\/en\/wp-json\/wp\/v2\/media?parent=2941"}],"wp:term":[{"taxonomy":"category","embeddable":true,"href":"https:\/\/www.all4groups.com\/en\/wp-json\/wp\/v2\/categories?post=2941"},{"taxonomy":"post_tag","embeddable":true,"href":"https:\/\/www.all4groups.com\/en\/wp-json\/wp\/v2\/tags?post=2941"}],"curies":[{"name":"wp","href":"https:\/\/api.w.org\/{rel}","templated":true}]}}