{"id":2543,"date":"2017-10-31T12:31:17","date_gmt":"2017-10-31T11:31:17","guid":{"rendered":"https:\/\/all4groups.com\/?p=2543"},"modified":"2017-10-31T12:34:02","modified_gmt":"2017-10-31T11:34:02","slug":"messen_herbst_2017","status":"publish","type":"post","link":"https:\/\/www.all4groups.com\/en\/unkategorisiert\/messen_herbst_2017\/","title":{"rendered":"Messe BTB &#8211; Fachtagung WKO &#8211; Save the date!"},"content":{"rendered":"<p class=\"mc-toc-title\"><span style=\"font-size: 14pt; color: #408900;\"><em><strong><a href=\"\/en\/www.groupytravel.com\/\"><img loading=\"lazy\" decoding=\"async\" class=\"wp-image-2429 alignright\" src=\"https:\/\/all4groups.com\/wp-content\/uploads\/Logo-Groupy-TRAVEL-1-300x214.jpg\" alt=\"\" width=\"211\" height=\"151\" srcset=\"https:\/\/www.all4groups.com\/wp-content\/uploads\/Logo-Groupy-TRAVEL-1-300x214.jpg 300w, https:\/\/www.all4groups.com\/wp-content\/uploads\/Logo-Groupy-TRAVEL-1-768x547.jpg 768w, https:\/\/www.all4groups.com\/wp-content\/uploads\/Logo-Groupy-TRAVEL-1-1024x730.jpg 1024w, https:\/\/www.all4groups.com\/wp-content\/uploads\/Logo-Groupy-TRAVEL-1-400x284.jpg 400w, https:\/\/www.all4groups.com\/wp-content\/uploads\/Logo-Groupy-TRAVEL-1-1080x770.jpg 1080w\" sizes=\"(max-width: 211px) 100vw, 211px\" \/><\/a>GROUPY &#8211; Audio-\u00dcbertragungssysteme der n\u00e4chsten Generation &#8211; besuchen Sie uns auf den kommenden Messen und Fachtagungen in Wien und Wels!<\/strong><\/em><\/span><\/p>\n<p>&nbsp;<\/p>\n<p><em><strong>GroupyTravel ist mehr als ein Audioguide &#8211; mehr als ein<br \/>\nTourguide-System und mehr als ein Infotainment-Ger\u00e4t!<\/strong><\/em><\/p>\n<p>&nbsp;<\/p>\n<p><em><strong>GroupyTravel hat einen einzigartigen USP:<\/strong><\/em><\/p>\n<p><a href=\"\/en\/www.groupytravel.com\/\"><img loading=\"lazy\" decoding=\"async\" class=\"wp-image-2547 alignleft\" src=\"https:\/\/all4groups.com\/wp-content\/uploads\/Reiseg\u00e4ste_im_Radar-300x123.jpg\" alt=\"\" width=\"366\" height=\"150\" srcset=\"https:\/\/www.all4groups.com\/wp-content\/uploads\/Reiseg\u00e4ste_im_Radar-300x123.jpg 300w, https:\/\/www.all4groups.com\/wp-content\/uploads\/Reiseg\u00e4ste_im_Radar.jpg 557w\" sizes=\"(max-width: 366px) 100vw, 366px\" \/><\/a>Dank modernster Technologie und des innovativen <em><strong>Gruppenvollst\u00e4ndigkeitstools &#8222;Groupy&#8220;<\/strong> <\/em>geht auf Gruppenreisen niemand mehr verloren! Kein st\u00e4ndiges Personenabz\u00e4hlen ist n\u00f6tig und dank Personalisierung der Ger\u00e4te haben Sie auch immer alle Reiseg\u00e4ste im Radar!<\/p>\n<p>&nbsp;<\/p>\n<p style=\"text-align: center;\"><a href=\"\/en\/www.groupytravel.com\/\"><a href='http:\/\/www.groupytravel.com' class='small-button smallsilver' target=\"_blank\">Erfahren Sie mehr \u00fcber alle Vorteile von GroupyTravel!<\/a><\/a><\/p>\n<p>&nbsp;<\/p>\n<p><span style=\"font-size: 14pt; color: #408900;\"><em><strong>Besuchen Sie uns auf einer der Messen, lernen Sie GroupyTravel kennen und sichern Sie sich ganz spezielle Messerabatte!!<\/strong><\/em><\/span><\/p>\n<p><a href=\"\/en\/www.groupytravel.com\/\"><br \/>\n<img loading=\"lazy\" decoding=\"async\" class=\"aligncenter wp-image-2552 size-full\" src=\"https:\/\/all4groups.com\/wp-content\/uploads\/Groupy_Messeeinladungen_Herbst2017_30102017.jpg\" alt=\"\" width=\"800\" height=\"262\" srcset=\"https:\/\/www.all4groups.com\/wp-content\/uploads\/Groupy_Messeeinladungen_Herbst2017_30102017.jpg 800w, https:\/\/www.all4groups.com\/wp-content\/uploads\/Groupy_Messeeinladungen_Herbst2017_30102017-300x98.jpg 300w, https:\/\/www.all4groups.com\/wp-content\/uploads\/Groupy_Messeeinladungen_Herbst2017_30102017-768x252.jpg 768w\" sizes=\"(max-width: 800px) 100vw, 800px\" \/><\/a><\/p>\n<p>Wir freuen uns auf zahlreiche Besuche auf unseren Messest\u00e4nden, auf spannende Gespr\u00e4che, interessantes Netzwerken und vor allem Sie, liebe Besucherinnen und Besucher, kennenzulernen!<\/p>\n<p><em><strong>Wir freuen uns auf Ihren Besuch!<\/strong><\/em><\/p>\n<p><span style=\"font-size: 8pt; color: #808080;\"><em>Fotocredit: <i class=\"fa fa-copyright\" ><\/i>  BTB.cc, WKO Fachgruppe Bus, Luft, Schiff, Grafik: uhldesign.at<\/em><\/span><\/p>","protected":false},"excerpt":{"rendered":"<p>GROUPY &#8211; Audio-\u00dcbertragungssysteme der n\u00e4chsten Generation &#8211; besuchen Sie uns auf den kommenden Messen und Fachtagungen in Wien und Wels! &nbsp; GroupyTravel ist mehr als ein Audioguide &#8211; mehr als ein Tourguide-System und mehr als ein Infotainment-Ger\u00e4t! &nbsp; GroupyTravel hat einen einzigartigen USP: Dank modernster Technologie und des innovativen Gruppenvollst\u00e4ndigkeitstools &#8222;Groupy&#8220; geht auf Gruppenreisen niemand [&hellip;]<\/p>","protected":false},"author":6521,"featured_media":2545,"comment_status":"open","ping_status":"open","sticky":false,"template":"","format":"standard","meta":{"_et_pb_use_builder":"","_et_pb_old_content":"","_et_gb_content_width":"","footnotes":""},"categories":[5],"tags":[],"_links":{"self":[{"href":"https:\/\/www.all4groups.com\/en\/wp-json\/wp\/v2\/posts\/2543"}],"collection":[{"href":"https:\/\/www.all4groups.com\/en\/wp-json\/wp\/v2\/posts"}],"about":[{"href":"https:\/\/www.all4groups.com\/en\/wp-json\/wp\/v2\/types\/post"}],"author":[{"embeddable":true,"href":"https:\/\/www.all4groups.com\/en\/wp-json\/wp\/v2\/users\/6521"}],"replies":[{"embeddable":true,"href":"https:\/\/www.all4groups.com\/en\/wp-json\/wp\/v2\/comments?post=2543"}],"version-history":[{"count":14,"href":"https:\/\/www.all4groups.com\/en\/wp-json\/wp\/v2\/posts\/2543\/revisions"}],"predecessor-version":[{"id":2561,"href":"https:\/\/www.all4groups.com\/en\/wp-json\/wp\/v2\/posts\/2543\/revisions\/2561"}],"wp:featuredmedia":[{"embeddable":true,"href":"https:\/\/www.all4groups.com\/en\/wp-json\/wp\/v2\/media\/2545"}],"wp:attachment":[{"href":"https:\/\/www.all4groups.com\/en\/wp-json\/wp\/v2\/media?parent=2543"}],"wp:term":[{"taxonomy":"category","embeddable":true,"href":"https:\/\/www.all4groups.com\/en\/wp-json\/wp\/v2\/categories?post=2543"},{"taxonomy":"post_tag","embeddable":true,"href":"https:\/\/www.all4groups.com\/en\/wp-json\/wp\/v2\/tags?post=2543"}],"curies":[{"name":"wp","href":"https:\/\/api.w.org\/{rel}","templated":true}]}}